{"id":218,"date":"2021-04-15T21:45:41","date_gmt":"2021-04-15T21:45:41","guid":{"rendered":"http:\/\/energietisch-dessau.de\/?p=218"},"modified":"2023-11-15T16:25:05","modified_gmt":"2023-11-15T16:25:05","slug":"umweltverbaende-in-dessau-rosslau-begruessen-kooperation-von-stadt-und-uba-die-vision-einer-umweltstadt-koennte-basis-der-zusammenarbeit-werden","status":"publish","type":"post","link":"https:\/\/energietisch-dessau.de\/?p=218","title":{"rendered":"Umweltverb\u00e4nde in Dessau-Ro\u00dflau begr\u00fc\u00dfen Kooperation von Stadt und UBA. Die Vision einer Umweltstadt k\u00f6nnte Basis der Zusammenarbeit werden."},"content":{"rendered":"\n<div class=\"wp-block-group\"><div class=\"wp-block-group__inner-container is-layout-flow wp-block-group-is-layout-flow\">\n<p><strong>Dessau-Ro\u00dflau, 14.04.2021 <\/strong><\/p>\n<\/div><\/div>\n\n\n\n<div class=\"wp-block-group\"><div class=\"wp-block-group__inner-container is-layout-flow wp-block-group-is-layout-flow\">\n<div class=\"wp-block-group\"><div class=\"wp-block-group__inner-container is-layout-flow wp-block-group-is-layout-flow\">\n<p>Der Umweltstammtisch Dessau-Ro\u00dflau begr\u00fc\u00dft die Kooperation zwischen der Stadtverwaltung und dem Umweltbundesamt (UBA). Wir schlagen vor, diese Zusammenarbeit mit der Vision f\u00fcr eine Umweltstadt zu verkn\u00fcpfen. Dessau-Ro\u00dflau sollte die vorhandenen Potentiale nutzen und sich als Modellstadt f\u00fcr eine umwelt- und klimagerechte Entwicklung in Position bringen.<br>Immer mehr Menschen bekommen hautnah die Folgen zu sp\u00fcren, die der Klimawandel und der Raubbau an unseren nat\u00fcrlichen Lebensgrundlagen mit sich bringen. Dessau-Ro\u00dflau ist durch seine Lage an zwei Fl\u00fcssen und im mitteldeutschen Trockengebiet besonders von den Folgen des Klimawandels betroffen. In der D\u00fcrre der letzten Jahre starben hunderte Stadtb\u00e4ume, die eigentlich k\u00fchlen Schatten spenden sollen.<br>Stephan Marahrens, Vertreter des ADFC beim Umweltstammtisch: \u201eDie angek\u00fcndigte Kooperation von Stadt und Umweltbundesamt ist 15 Jahre nach dem Umzug der Beh\u00f6rde nach Dessau mehr als \u00fcberf\u00e4llig. Das UBA verf\u00fcgt als wissenschaftliche Bundesbeh\u00f6rde in seinem Auftrag \u00fcber begrenzte M\u00f6glichkeiten, sich in Dessau-Ro\u00dflau zu engagieren. Wir sollten daher jede Chance nutzen, um den neuesten Stand des Wissens und der Forschung in konkreten Projekten hier vor Ort zu b\u00fcndeln und die Lebensqualit\u00e4t der Stadt zu verbessern. Die frischgebackenen Partner sollten nun die notwendigen Ressourcen aufbringen, um die geplante Kooperation dauerhaft mit Leben zu f\u00fcllen.\u201c<br>Heike Br\u00fcckner, Vertreterin f\u00fcr die Urbane Farm beim Umweltstammtisch: \u201eDie Umweltverb\u00e4nde beteiligen sich gern als aktive Partner an der Kooperation von Stadt und UBA. Die Liste m\u00f6glicher Themen ist lang: Ausbau erneuerbarer Energien, Mobilit\u00e4t, klimaneutrales Bauen, nachhaltiger Konsum, st\u00e4dtische Gr\u00fcnr\u00e4ume\u2026 Daf\u00fcr bringen wir gute Ideen und Erfahrungen aus vielen Projekten vor Ort mit. Dort zeigen wir, dass Umweltschutz Spa\u00df macht, Sinn stiftet und unsere Stadt sch\u00f6ner, vielf\u00e4ltiger und lebenswerter macht. Und wir zeigen, wie die Menschen ganz konkret vom Umwelt- und Klimaschutz profitieren k\u00f6nnen.\u201c<br>Die Umweltstadt als Kernthema f\u00fcr die Stadtentwicklung der Zukunft bietet neue Chancen f\u00fcr das Stadtmarketing. Viele junge Menschen f\u00fchlen sich von solchen Themen angezogen. Dessau-Ro\u00dflau kann sich als Standort f\u00fcr Forschungseinrichtungen und gr\u00fcn wirtschaftende Unternehmen profilieren, die aus den Ideen von heute die Produkte und Jobs von morgen machen. Eine Beteiligung der Stadt an der aktuellen europ\u00e4ischen Initiative \u201eNeues Europ\u00e4isches Bauhaus\u201c an der Schnittstelle zwischen Kunst, Kultur, Gesellschaft, Wissenschaft und Technologie f\u00fcgt sich nahtlos in diese Ambition ein.<br>Als Heimat von F\u00fcrst Franz und seinem Gartenreich und als Bauhaus-Stadt war Dessau-Ro\u00dflau ein Ort f\u00fcr wegweisende Reformen, die weit \u00fcber die Stadt hinaus Fr\u00fcchte trugen. Wir werben daf\u00fcr, in Zeiten des Klimawandels mutig und selbstbewusst an diese Tradition anzukn\u00fcpfen. Klima- und Umweltschutz sind keine Bremskl\u00f6tze, sondern Motoren f\u00fcr den Weg in eine nachhaltige Lebens- und Wirtschaftsweise.<\/p>\n\n\n\n<p><\/p>\n<\/div><\/div>\n<\/div><\/div>\n\n\n\n<div class=\"wp-block-group\"><div class=\"wp-block-group__inner-container is-layout-flow wp-block-group-is-layout-flow\">\n<p>Im Umweltstammtisch Dessau engagieren sich aktuell:<\/p>\n\n\n\n<p><strong>Allgemeiner Deutscher Fahrrad-Club e.V. (ADFC)<\/strong><br><strong>Bund f\u00fcr Umwelt- und Naturschutz Deutschland e.V. (BUND)<\/strong><br><strong>Energietisch Dessau e.V.<\/strong><br><strong>Fridays For Future Dessau<\/strong><br><strong>Bio- und Regionalmarkt Lidice-Platz, REBINO e.V.<\/strong><br><strong>Urbane Farm Dessau<\/strong><br><strong>Verkehrsclub Deutschland e.V. (VCD)<\/strong><\/p>\n<\/div><\/div>\n\n\n\n<p><\/p>\n","protected":false},"excerpt":{"rendered":"<p>Dessau-Ro\u00dflau, 14.04.2021 Der Umweltstammtisch Dessau-Ro\u00dflau begr\u00fc\u00dft die Kooperation zwischen der Stadtverwaltung und dem Umweltbundesamt (UBA). Wir schlagen vor, diese Zusammenarbeit mit der Vision f\u00fcr eine Umweltstadt zu verkn\u00fcpfen. Dessau-Ro\u00dflau sollte die vorhandenen Potentiale nutzen und sich als Modellstadt f\u00fcr eine umwelt- und klimagerechte Entwicklung in Position bringen.Immer mehr Menschen bekommen hautnah die Folgen zu sp\u00fcren, [&hellip;]<\/p>\n","protected":false},"author":4,"featured_media":0,"comment_status":"closed","ping_status":"closed","sticky":true,"template":"","format":"standard","meta":{"footnotes":""},"categories":[2],"tags":[11,10,8,12],"class_list":["post-218","post","type-post","status-publish","format-standard","hentry","category-texte-veranstaltungen","tag-energietisch-dessau","tag-umweltbundesamt","tag-umweltstadt","tag-umweltstammtisch","post-preview"],"_links":{"self":[{"href":"https:\/\/energietisch-dessau.de\/index.php?rest_route=\/wp\/v2\/posts\/218","targetHints":{"allow":["GET"]}}],"collection":[{"href":"https:\/\/energietisch-dessau.de\/index.php?rest_route=\/wp\/v2\/posts"}],"about":[{"href":"https:\/\/energietisch-dessau.de\/index.php?rest_route=\/wp\/v2\/types\/post"}],"author":[{"embeddable":true,"href":"https:\/\/energietisch-dessau.de\/index.php?rest_route=\/wp\/v2\/users\/4"}],"replies":[{"embeddable":true,"href":"https:\/\/energietisch-dessau.de\/index.php?rest_route=%2Fwp%2Fv2%2Fcomments&post=218"}],"version-history":[{"count":10,"href":"https:\/\/energietisch-dessau.de\/index.php?rest_route=\/wp\/v2\/posts\/218\/revisions"}],"predecessor-version":[{"id":228,"href":"https:\/\/energietisch-dessau.de\/index.php?rest_route=\/wp\/v2\/posts\/218\/revisions\/228"}],"wp:attachment":[{"href":"https:\/\/energietisch-dessau.de\/index.php?rest_route=%2Fwp%2Fv2%2Fmedia&parent=218"}],"wp:term":[{"taxonomy":"category","embeddable":true,"href":"https:\/\/energietisch-dessau.de\/index.php?rest_route=%2Fwp%2Fv2%2Fcategories&post=218"},{"taxonomy":"post_tag","embeddable":true,"href":"https:\/\/energietisch-dessau.de\/index.php?rest_route=%2Fwp%2Fv2%2Ftags&post=218"}],"curies":[{"name":"wp","href":"https:\/\/api.w.org\/{rel}","templated":true}]}}